{"id":1033,"date":"2020-08-16T10:23:00","date_gmt":"2020-08-16T10:23:00","guid":{"rendered":"https:\/\/puruno.com\/rokka\/?p=1033"},"modified":"2024-04-03T17:04:29","modified_gmt":"2024-04-03T17:04:29","slug":"fragadapena","status":"publish","type":"post","link":"https:\/\/villamontes.pt\/en\/fragadapena\/","title":{"rendered":"Fraga da Pena"},"content":{"rendered":"<p><em>Fraga da Pena is more than a privileged space to meet nature, if not one of the ex-libris of Serra do A\u00e7or.<\/em><\/p>\n<p>Inserted in the Protected Landscape of <span style=\"text-decoration: underline;\"><span style=\"color: #0000ff; text-decoration: underline;\"><a style=\"color: #0000ff; text-decoration: underline;\" href=\"https:\/\/villamontes.pt\/serradoacor\/\" target=\"_blank\" rel=\"noopener noreferrer\">Serra do A\u00e7or<\/a><\/span><\/span> (PPSA), is considered by many to be one of the most beautiful waterfalls in Portugal. The gap in the main waterfall of Fraga reaches 20 meters and is surrounded by abundant vegetation, of great interest, which gives it a paradisiacal, authentic and refreshing air.<\/p>\n<blockquote>\n<p>We move forward and quickly forget about civilization. We are (we think\u2026) in communion with Nature, before the end of the road, we are surprised by an immense shale cliff, where a waterfall of clear water flows, precipitating into a charming natural pool. <span style=\"font-size: 14px;\">(<span style=\"text-decoration: underline;\"><span style=\"color: #0000ff; text-decoration: underline;\"><a style=\"color: #0000ff; text-decoration: underline;\" href=\"https:\/\/visao.sapo.pt\/visaose7e\/2012-06-28-cascata-da-fraga-da-pena-ao-naturalf672531\/\" target=\"_blank\" rel=\"noopener noreferrer\">Revista Vis\u00e3o<\/a><\/span><\/span>)<\/span>.<\/p>\n<\/blockquote>\n<p>It is an ideal place for leisure activities, such as contemplating the landscape on one of the shale banks, reading a book to the sound of the waterfalls, bathing in the cold and crystalline waters, in the succession of several natural pools, exploring its surroundings or simply have a picnic.<\/p>\n<p>Enjoy this one of the best places to contemplate nature in its purest state.<\/p>\n\n\n<iframe loading=\"lazy\" src=\"https:\/\/www.youtube.com\/embed\/fbOW2JWTrxU\" allow=\"accelerometer; autoplay; encrypted-media; gyroscope; picture-in-picture\" allowfullscreen=\"\" width=\"560\" height=\"315\" frameborder=\"0\"><\/iframe>","protected":false},"excerpt":{"rendered":"<p>Fraga da Pena is more than a privileged space to meet nature, if not one of the ex-libris of Serra do A\u00e7or.<\/p>","protected":false},"author":1,"featured_media":2565,"comment_status":"closed","ping_status":"closed","sticky":false,"template":"","format":"standard","meta":{"footnotes":""},"categories":[58,69,65],"tags":[72,71,70,64,73],"class_list":["post-1033","post","type-post","status-publish","format-standard","has-post-thumbnail","hentry","category-patrimonio-natural","category-lazer","category-zonas-balneares","tag-coja","tag-ex-libris","tag-fraga-da-pena","tag-serra-do-acor","tag-villa-montes"],"yoast_head":"<!-- This site is optimized with the Yoast SEO plugin v26.6 - https:\/\/yoast.com\/wordpress\/plugins\/seo\/ -->\n<title>Fraga da Pena<\/title>\n<meta name=\"description\" content=\"A Fraga da Pena \u00e9 mais do que um espa\u00e7o privilegiado de encontro com a natureza, n\u00e3o fosse esta, um dos ex-libris da Serra do A\u00e7or.\" \/>\n<meta name=\"robots\" content=\"index, follow, max-snippet:-1, max-image-preview:large, max-video-preview:-1\" \/>\n<link rel=\"canonical\" href=\"https:\/\/villamontes.pt\/en\/fragadapena\/\" \/>\n<meta property=\"og:locale\" content=\"en_GB\" \/>\n<meta property=\"og:type\" content=\"article\" \/>\n<meta property=\"og:title\" content=\"Fraga da Pena\" \/>\n<meta property=\"og:description\" content=\"A Fraga da Pena \u00e9 mais do que um espa\u00e7o privilegiado de encontro com a natureza, n\u00e3o fosse esta, um dos ex-libris da Serra do A\u00e7or.\" \/>\n<meta property=\"og:url\" content=\"https:\/\/villamontes.pt\/en\/fragadapena\/\" \/>\n<meta property=\"og:site_name\" content=\"Villa Mont\u00eas\" \/>\n<meta property=\"article:publisher\" content=\"https:\/\/www.facebook.com\/villamontescoja\" \/>\n<meta property=\"article:published_time\" content=\"2020-08-16T10:23:00+00:00\" \/>\n<meta property=\"article:modified_time\" content=\"2024-04-03T17:04:29+00:00\" \/>\n<meta property=\"og:image\" content=\"https:\/\/villamontes.pt\/wp-content\/uploads\/2019\/10\/Fraga-da-Pena.jpg\" \/>\n\t<meta property=\"og:image:width\" content=\"1639\" \/>\n\t<meta property=\"og:image:height\" content=\"1272\" \/>\n\t<meta property=\"og:image:type\" content=\"image\/jpeg\" \/>\n<meta name=\"author\" content=\"mf601944-ovh\" \/>\n<meta name=\"twitter:card\" content=\"summary_large_image\" \/>\n<meta name=\"twitter:label1\" content=\"Written by\" \/>\n\t<meta name=\"twitter:data1\" content=\"mf601944-ovh\" \/>\n\t<meta name=\"twitter:label2\" content=\"Estimated reading time\" \/>\n\t<meta name=\"twitter:data2\" content=\"1 minute\" \/>\n<script type=\"application\/ld+json\" class=\"yoast-schema-graph\">{\"@context\":\"https:\/\/schema.org\",\"@graph\":[{\"@type\":\"Article\",\"@id\":\"https:\/\/villamontes.pt\/fragadapena\/#article\",\"isPartOf\":{\"@id\":\"https:\/\/villamontes.pt\/fragadapena\/\"},\"author\":{\"name\":\"mf601944-ovh\",\"@id\":\"https:\/\/villamontes.pt\/#\/schema\/person\/9de55a08836323b14c32e88da78e57fe\"},\"headline\":\"Fraga da Pena\",\"datePublished\":\"2020-08-16T10:23:00+00:00\",\"dateModified\":\"2024-04-03T17:04:29+00:00\",\"mainEntityOfPage\":{\"@id\":\"https:\/\/villamontes.pt\/fragadapena\/\"},\"wordCount\":195,\"publisher\":{\"@id\":\"https:\/\/villamontes.pt\/#organization\"},\"image\":{\"@id\":\"https:\/\/villamontes.pt\/fragadapena\/#primaryimage\"},\"thumbnailUrl\":\"https:\/\/villamontes.pt\/wp-content\/uploads\/2019\/10\/Fraga-da-Pena.jpg\",\"keywords\":[\"Coja\",\"Ex-Libris\",\"Fraga da Pena\",\"Serra do A\u00e7or\",\"Villa Mont\u00eas\"],\"articleSection\":[\"Patrim\u00f3nio Natural\",\"Recreio e Lazer\",\"Zonas Balneares\"],\"inLanguage\":\"en-GB\"},{\"@type\":\"WebPage\",\"@id\":\"https:\/\/villamontes.pt\/fragadapena\/\",\"url\":\"https:\/\/villamontes.pt\/fragadapena\/\",\"name\":\"Fraga da Pena\",\"isPartOf\":{\"@id\":\"https:\/\/villamontes.pt\/#website\"},\"primaryImageOfPage\":{\"@id\":\"https:\/\/villamontes.pt\/fragadapena\/#primaryimage\"},\"image\":{\"@id\":\"https:\/\/villamontes.pt\/fragadapena\/#primaryimage\"},\"thumbnailUrl\":\"https:\/\/villamontes.pt\/wp-content\/uploads\/2019\/10\/Fraga-da-Pena.jpg\",\"datePublished\":\"2020-08-16T10:23:00+00:00\",\"dateModified\":\"2024-04-03T17:04:29+00:00\",\"description\":\"A Fraga da Pena \u00e9 mais do que um espa\u00e7o privilegiado de encontro com a natureza, n\u00e3o fosse esta, um dos ex-libris da Serra do A\u00e7or.\",\"breadcrumb\":{\"@id\":\"https:\/\/villamontes.pt\/fragadapena\/#breadcrumb\"},\"inLanguage\":\"en-GB\",\"potentialAction\":[{\"@type\":\"ReadAction\",\"target\":[\"https:\/\/villamontes.pt\/fragadapena\/\"]}]},{\"@type\":\"ImageObject\",\"inLanguage\":\"en-GB\",\"@id\":\"https:\/\/villamontes.pt\/fragadapena\/#primaryimage\",\"url\":\"https:\/\/villamontes.pt\/wp-content\/uploads\/2019\/10\/Fraga-da-Pena.jpg\",\"contentUrl\":\"https:\/\/villamontes.pt\/wp-content\/uploads\/2019\/10\/Fraga-da-Pena.jpg\",\"width\":1639,\"height\":1272,\"caption\":\"Fraga da Pena paradise\"},{\"@type\":\"BreadcrumbList\",\"@id\":\"https:\/\/villamontes.pt\/fragadapena\/#breadcrumb\",\"itemListElement\":[{\"@type\":\"ListItem\",\"position\":1,\"name\":\"In\u00edcio\",\"item\":\"https:\/\/villamontes.pt\/\"},{\"@type\":\"ListItem\",\"position\":2,\"name\":\"Fraga da Pena\"}]},{\"@type\":\"WebSite\",\"@id\":\"https:\/\/villamontes.pt\/#website\",\"url\":\"https:\/\/villamontes.pt\/\",\"name\":\"Villa Mont\u00eas\",\"description\":\"Exclusive Apartaments &amp; Prime Location\",\"publisher\":{\"@id\":\"https:\/\/villamontes.pt\/#organization\"},\"potentialAction\":[{\"@type\":\"SearchAction\",\"target\":{\"@type\":\"EntryPoint\",\"urlTemplate\":\"https:\/\/villamontes.pt\/?s={search_term_string}\"},\"query-input\":{\"@type\":\"PropertyValueSpecification\",\"valueRequired\":true,\"valueName\":\"search_term_string\"}}],\"inLanguage\":\"en-GB\"},{\"@type\":\"Organization\",\"@id\":\"https:\/\/villamontes.pt\/#organization\",\"name\":\"Villa Mont\u00eas\",\"url\":\"https:\/\/villamontes.pt\/\",\"logo\":{\"@type\":\"ImageObject\",\"inLanguage\":\"en-GB\",\"@id\":\"https:\/\/villamontes.pt\/#\/schema\/logo\/image\/\",\"url\":\"https:\/\/villamontes.pt\/wp-content\/uploads\/2020\/12\/cabra-preta-transparent-vector.png\",\"contentUrl\":\"https:\/\/villamontes.pt\/wp-content\/uploads\/2020\/12\/cabra-preta-transparent-vector.png\",\"width\":844,\"height\":457,\"caption\":\"Villa Mont\u00eas\"},\"image\":{\"@id\":\"https:\/\/villamontes.pt\/#\/schema\/logo\/image\/\"},\"sameAs\":[\"https:\/\/www.facebook.com\/villamontescoja\",\"https:\/\/www.instagram.com\/villamontescoja\/\"]},{\"@type\":\"Person\",\"@id\":\"https:\/\/villamontes.pt\/#\/schema\/person\/9de55a08836323b14c32e88da78e57fe\",\"name\":\"mf601944-ovh\",\"image\":{\"@type\":\"ImageObject\",\"inLanguage\":\"en-GB\",\"@id\":\"https:\/\/villamontes.pt\/#\/schema\/person\/image\/\",\"url\":\"https:\/\/secure.gravatar.com\/avatar\/32f233a32fbc1b6c7cbeee692914116a26f3c7a61ebf6d15d6652660cadad6b6?s=96&d=mm&r=g\",\"contentUrl\":\"https:\/\/secure.gravatar.com\/avatar\/32f233a32fbc1b6c7cbeee692914116a26f3c7a61ebf6d15d6652660cadad6b6?s=96&d=mm&r=g\",\"caption\":\"mf601944-ovh\"},\"url\":\"https:\/\/villamontes.pt\/en\/author\/mf601944-ovh\/\"}]}<\/script>\n<!-- \/ Yoast SEO plugin. -->","yoast_head_json":{"title":"Fraga da Pena","description":"Fraga da Pena is more than a privileged space to meet nature, if not one of the ex-libris of Serra do A\u00e7or.","robots":{"index":"index","follow":"follow","max-snippet":"max-snippet:-1","max-image-preview":"max-image-preview:large","max-video-preview":"max-video-preview:-1"},"canonical":"https:\/\/villamontes.pt\/en\/fragadapena\/","og_locale":"en_GB","og_type":"article","og_title":"Fraga da Pena","og_description":"A Fraga da Pena \u00e9 mais do que um espa\u00e7o privilegiado de encontro com a natureza, n\u00e3o fosse esta, um dos ex-libris da Serra do A\u00e7or.","og_url":"https:\/\/villamontes.pt\/en\/fragadapena\/","og_site_name":"Villa Mont\u00eas","article_publisher":"https:\/\/www.facebook.com\/villamontescoja","article_published_time":"2020-08-16T10:23:00+00:00","article_modified_time":"2024-04-03T17:04:29+00:00","og_image":[{"width":1639,"height":1272,"url":"https:\/\/villamontes.pt\/wp-content\/uploads\/2019\/10\/Fraga-da-Pena.jpg","type":"image\/jpeg"}],"author":"mf601944-ovh","twitter_card":"summary_large_image","twitter_misc":{"Written by":"mf601944-ovh","Estimated reading time":"1 minute"},"schema":{"@context":"https:\/\/schema.org","@graph":[{"@type":"Article","@id":"https:\/\/villamontes.pt\/fragadapena\/#article","isPartOf":{"@id":"https:\/\/villamontes.pt\/fragadapena\/"},"author":{"name":"mf601944-ovh","@id":"https:\/\/villamontes.pt\/#\/schema\/person\/9de55a08836323b14c32e88da78e57fe"},"headline":"Fraga da Pena","datePublished":"2020-08-16T10:23:00+00:00","dateModified":"2024-04-03T17:04:29+00:00","mainEntityOfPage":{"@id":"https:\/\/villamontes.pt\/fragadapena\/"},"wordCount":195,"publisher":{"@id":"https:\/\/villamontes.pt\/#organization"},"image":{"@id":"https:\/\/villamontes.pt\/fragadapena\/#primaryimage"},"thumbnailUrl":"https:\/\/villamontes.pt\/wp-content\/uploads\/2019\/10\/Fraga-da-Pena.jpg","keywords":["Coja","Ex-Libris","Fraga da Pena","Serra do A\u00e7or","Villa Mont\u00eas"],"articleSection":["Patrim\u00f3nio Natural","Recreio e Lazer","Zonas Balneares"],"inLanguage":"en-GB"},{"@type":"WebPage","@id":"https:\/\/villamontes.pt\/fragadapena\/","url":"https:\/\/villamontes.pt\/fragadapena\/","name":"Fraga da Pena","isPartOf":{"@id":"https:\/\/villamontes.pt\/#website"},"primaryImageOfPage":{"@id":"https:\/\/villamontes.pt\/fragadapena\/#primaryimage"},"image":{"@id":"https:\/\/villamontes.pt\/fragadapena\/#primaryimage"},"thumbnailUrl":"https:\/\/villamontes.pt\/wp-content\/uploads\/2019\/10\/Fraga-da-Pena.jpg","datePublished":"2020-08-16T10:23:00+00:00","dateModified":"2024-04-03T17:04:29+00:00","description":"Fraga da Pena is more than a privileged space to meet nature, if not one of the ex-libris of Serra do A\u00e7or.","breadcrumb":{"@id":"https:\/\/villamontes.pt\/fragadapena\/#breadcrumb"},"inLanguage":"en-GB","potentialAction":[{"@type":"ReadAction","target":["https:\/\/villamontes.pt\/fragadapena\/"]}]},{"@type":"ImageObject","inLanguage":"en-GB","@id":"https:\/\/villamontes.pt\/fragadapena\/#primaryimage","url":"https:\/\/villamontes.pt\/wp-content\/uploads\/2019\/10\/Fraga-da-Pena.jpg","contentUrl":"https:\/\/villamontes.pt\/wp-content\/uploads\/2019\/10\/Fraga-da-Pena.jpg","width":1639,"height":1272,"caption":"Fraga da Pena paradise"},{"@type":"BreadcrumbList","@id":"https:\/\/villamontes.pt\/fragadapena\/#breadcrumb","itemListElement":[{"@type":"ListItem","position":1,"name":"In\u00edcio","item":"https:\/\/villamontes.pt\/"},{"@type":"ListItem","position":2,"name":"Fraga da Pena"}]},{"@type":"WebSite","@id":"https:\/\/villamontes.pt\/#website","url":"https:\/\/villamontes.pt\/","name":"Villa Mont\u00eas","description":"Exclusive Apartaments &amp; Prime Location","publisher":{"@id":"https:\/\/villamontes.pt\/#organization"},"potentialAction":[{"@type":"SearchAction","target":{"@type":"EntryPoint","urlTemplate":"https:\/\/villamontes.pt\/?s={search_term_string}"},"query-input":{"@type":"PropertyValueSpecification","valueRequired":true,"valueName":"search_term_string"}}],"inLanguage":"en-GB"},{"@type":"Organization","@id":"https:\/\/villamontes.pt\/#organization","name":"Villa Mont\u00eas","url":"https:\/\/villamontes.pt\/","logo":{"@type":"ImageObject","inLanguage":"en-GB","@id":"https:\/\/villamontes.pt\/#\/schema\/logo\/image\/","url":"https:\/\/villamontes.pt\/wp-content\/uploads\/2020\/12\/cabra-preta-transparent-vector.png","contentUrl":"https:\/\/villamontes.pt\/wp-content\/uploads\/2020\/12\/cabra-preta-transparent-vector.png","width":844,"height":457,"caption":"Villa Mont\u00eas"},"image":{"@id":"https:\/\/villamontes.pt\/#\/schema\/logo\/image\/"},"sameAs":["https:\/\/www.facebook.com\/villamontescoja","https:\/\/www.instagram.com\/villamontescoja\/"]},{"@type":"Person","@id":"https:\/\/villamontes.pt\/#\/schema\/person\/9de55a08836323b14c32e88da78e57fe","name":"mf601944-ovh","image":{"@type":"ImageObject","inLanguage":"en-GB","@id":"https:\/\/villamontes.pt\/#\/schema\/person\/image\/","url":"https:\/\/secure.gravatar.com\/avatar\/32f233a32fbc1b6c7cbeee692914116a26f3c7a61ebf6d15d6652660cadad6b6?s=96&d=mm&r=g","contentUrl":"https:\/\/secure.gravatar.com\/avatar\/32f233a32fbc1b6c7cbeee692914116a26f3c7a61ebf6d15d6652660cadad6b6?s=96&d=mm&r=g","caption":"mf601944-ovh"},"url":"https:\/\/villamontes.pt\/en\/author\/mf601944-ovh\/"}]}},"_links":{"self":[{"href":"https:\/\/villamontes.pt\/en\/wp-json\/wp\/v2\/posts\/1033","targetHints":{"allow":["GET"]}}],"collection":[{"href":"https:\/\/villamontes.pt\/en\/wp-json\/wp\/v2\/posts"}],"about":[{"href":"https:\/\/villamontes.pt\/en\/wp-json\/wp\/v2\/types\/post"}],"author":[{"embeddable":true,"href":"https:\/\/villamontes.pt\/en\/wp-json\/wp\/v2\/users\/1"}],"replies":[{"embeddable":true,"href":"https:\/\/villamontes.pt\/en\/wp-json\/wp\/v2\/comments?post=1033"}],"version-history":[{"count":6,"href":"https:\/\/villamontes.pt\/en\/wp-json\/wp\/v2\/posts\/1033\/revisions"}],"predecessor-version":[{"id":3199,"href":"https:\/\/villamontes.pt\/en\/wp-json\/wp\/v2\/posts\/1033\/revisions\/3199"}],"wp:featuredmedia":[{"embeddable":true,"href":"https:\/\/villamontes.pt\/en\/wp-json\/wp\/v2\/media\/2565"}],"wp:attachment":[{"href":"https:\/\/villamontes.pt\/en\/wp-json\/wp\/v2\/media?parent=1033"}],"wp:term":[{"taxonomy":"category","embeddable":true,"href":"https:\/\/villamontes.pt\/en\/wp-json\/wp\/v2\/categories?post=1033"},{"taxonomy":"post_tag","embeddable":true,"href":"https:\/\/villamontes.pt\/en\/wp-json\/wp\/v2\/tags?post=1033"}],"curies":[{"name":"wp","href":"https:\/\/api.w.org\/{rel}","templated":true}]}}