{"id":4371,"date":"2023-04-20T11:41:07","date_gmt":"2023-04-20T11:41:07","guid":{"rendered":"https:\/\/villamontes.pt\/?p=4371"},"modified":"2024-04-03T16:57:36","modified_gmt":"2024-04-03T16:57:36","slug":"5-razoes-para-visitar-coja","status":"publish","type":"post","link":"https:\/\/villamontes.pt\/en\/5-razoes-para-visitar-coja\/","title":{"rendered":"5 Raz\u00f5es para visitar C\u00f4ja"},"content":{"rendered":"<p>C\u00f4ja \u00e9 uma vila hist\u00f3rica e encantadora no distrito de Coimbra. \u00c9 um destino ideal para quem procura natureza, cultura e gastronomia. Neste artigo, vamos apresentar-lhe 5 raz\u00f5es para visitar C\u00f4ja.<\/p>\n<p><strong>1. O patrim\u00f3nio hist\u00f3rico e cultural de C\u00f4ja<\/strong><\/p>\n<figure id=\"attachment_4374\" aria-describedby=\"caption-attachment-4374\" style=\"width: 529px\" class=\"wp-caption aligncenter\"><img loading=\"lazy\" decoding=\"async\" class=\"wp-image-4374\" src=\"https:\/\/villamontes.pt\/wp-content\/uploads\/2023\/04\/ponte-de-coja.jpg\" alt=\"coja mont\u00eas\" width=\"529\" height=\"391\" \/><figcaption id=\"caption-attachment-4374\" class=\"wp-caption-text\">Ponte rom\u00e2nica de C\u00f4ja<\/figcaption><\/figure>\n<p>C\u00f4ja \u00e9 uma vila com origens muito antigas, que remontam ao tempo do Condado Portucalense. Segundo alguns autores, o seu top\u00f3nimo ter\u00e1 origem romana, significando \u201ccidade do Pretor\u201d, magistrado romano, certamente seu propriet\u00e1rio ou senhor. Hoje em dia, pode-se admirar o seu patrim\u00f3nio arquitet\u00f3nico e cultural, que inclui:<\/p>\n<p><strong>&#8211;<\/strong> A ponte rom\u00e2nica sobre o rio Alva, que liga Arganil a C\u00f4ja, formada por tr\u00eas arcos de volta perfeita, sendo o do meio o maior, onde assenta o tabuleiro plano com guardas de pedra. A ponte foi palco de um epis\u00f3dio de relevo aquando das Invas\u00f5es Francesas em 1811, tendo sido o primeiro arco da margem direita cortado, impedindo assim a passagem das tropas invasoras.<br \/>\n<strong>&#8211;<\/strong> A igreja matriz de C\u00f4ja, do s\u00e9culo XVIII, com uma fachada barroca e um interior rico em arte sacra.<br \/>\n<strong>&#8211;<\/strong> O pelourinho de C\u00f4ja, do s\u00e9culo XVI, classificado como monumento nacional, com quatro escudos com as armas reais.<\/p>\n<p><strong>2. A paisagem natural e a praia fluvial do rio Alva<\/strong><\/p>\n<figure id=\"attachment_4378\" aria-describedby=\"caption-attachment-4378\" style=\"width: 441px\" class=\"wp-caption aligncenter\"><img loading=\"lazy\" decoding=\"async\" class=\"wp-image-4378\" src=\"https:\/\/villamontes.pt\/wp-content\/uploads\/2023\/04\/Praia-Fluvial-de-Coja-2.jpg\" alt=\"coja mont\u00eas\" width=\"441\" height=\"295\" \/><figcaption id=\"caption-attachment-4378\" class=\"wp-caption-text\">Praia Fluvial do Caneiro de C\u00f4ja<\/figcaption><\/figure>\n<p>C\u00f4ja \u00e9 banhada pelo rio Alva, um dos principais afluentes do rio Mondego. O rio Alva oferece uma paisagem natural deslumbrante e uma praia fluvial com \u00e1guas l\u00edmpidas e refrescantes. A <a href=\"https:\/\/villamontes.pt\/praiasfluviais\/\" target=\"_blank\" rel=\"noopener\"><span style=\"text-decoration: underline; color: #0000ff;\">praia fluvial de C\u00f4ja<\/span><\/a> tem infraestruturas como balne\u00e1rios, chuveiros, bar, parque infantil e zona de merendas. \u00c9 o local ideal para nadar, pescar ou praticar desportos n\u00e1uticos como canoagem ou paddle.<\/p>\n<p>Em qualquer \u00e9poca do ano, o rio Alva ganha encanto com a flora\u00e7\u00e3o das \u00e1rvores e das flores que o rodeiam. Pode-se fazer um passeio pela margem do rio e observar as esp\u00e9cies vegetais t\u00edpicas da zona.<\/p>\n<p><strong>3. A Serra do A\u00e7or e as suas aldeias de xisto<\/strong><\/p>\n<figure id=\"attachment_4381\" aria-describedby=\"caption-attachment-4381\" style=\"width: 270px\" class=\"wp-caption alignright\"><img loading=\"lazy\" decoding=\"async\" class=\"wp-image-4381\" src=\"https:\/\/villamontes.pt\/wp-content\/uploads\/2023\/04\/Piodao.jpg\" alt=\"\" width=\"270\" height=\"405\" \/><figcaption id=\"caption-attachment-4381\" class=\"wp-caption-text\">Pi\u00f3d\u00e3o &#8211; Foto de Paulo Pereira<\/figcaption><\/figure>\n<p>C\u00f4ja \u00e9 um ponto de partida para explorar a <span style=\"text-decoration: underline; color: #0000ff;\"><a style=\"color: #0000ff; text-decoration: underline;\" href=\"https:\/\/villamontes.pt\/serradoacor\/\" target=\"_blank\" rel=\"noopener\">Serra do A\u00e7or<\/a><\/span>, uma zona montanhosa que faz parte da cordilheira central portuguesa. A Serra do A\u00e7or tem uma grande diversidade de flora e fauna, sendo um habitat privilegiado para esp\u00e9cies como a \u00e1guia-real ou o bufo-real.<\/p>\n<p>Na Serra do A\u00e7or pode-se tamb\u00e9m visitar as aldeias de xisto, que s\u00e3o aldeias t\u00edpicas constru\u00eddas com pedras de xisto e que mant\u00eam as suas tradi\u00e7\u00f5es e costumes. Algumas das aldeias de xisto mais pr\u00f3ximas de C\u00f4ja s\u00e3o Benfeita, Faj\u00e3o ou <a href=\"https:\/\/villamontes.pt\/a-freguesia-do-piodao\/\" target=\"_blank\" rel=\"noopener\"><span style=\"text-decoration: underline; color: #0000ff;\">Piod\u00e3o<\/span><\/a>.<\/p>\n<p><strong>4. A gastronomia t\u00edpica da regi\u00e3o<\/strong><\/p>\n<p>C\u00f4ja tem uma gastronomia t\u00edpica da regi\u00e3o, baseada em produtos locais como o queijo, o mel, o azeite, o vinho e a carne de cabra. Pode-se degustar estas iguarias em v\u00e1rios restaurantes e feiras que se realizam na vila.<\/p>\n<p>Alguns dos pratos mais t\u00edpicos de C\u00f4ja s\u00e3o o cabrito assado no forno com batatas e arroz de mi\u00fados, a chanfana de cabra velha cozinhada em vinho tinto e louro, o arroz doce ou o bolo de mel.<\/p>\n<p><strong>5. A vida cultural e social animada<br \/>\n<\/strong><\/p>\n<figure id=\"attachment_4383\" aria-describedby=\"caption-attachment-4383\" style=\"width: 493px\" class=\"wp-caption aligncenter\"><img loading=\"lazy\" decoding=\"async\" class=\"wp-image-4383\" src=\"https:\/\/villamontes.pt\/wp-content\/uploads\/2023\/04\/5d4b493fc089f.png\" alt=\"\" width=\"493\" height=\"327\" \/><figcaption id=\"caption-attachment-4383\" class=\"wp-caption-text\">FAVA &#8211; Feira de Artesanato, Velharias e Antiguidades<\/figcaption><\/figure>\n<p>C\u00f4ja tem uma vida cultural e social animada, com v\u00e1rios eventos e festividades ao longo do ano. Alguns dos eventos mais populares s\u00e3o:<\/p>\n<p><strong>&#8211;<\/strong> O Carnaval, que se realiza em fevereiro ou mar\u00e7o e que \u00e9 um dos mais animados da regi\u00e3o, com desfiles de carros aleg\u00f3ricos, grupos de foli\u00f5es e bailes.<br \/>\n<strong>&#8211;<\/strong> O Alva Beer Fest, que se realiza na primeira quinzena de outubro e que \u00e9 o maior festival de cerveja do concelho de Arganil. A festa conta com a participa\u00e7\u00e3o de v\u00e1rios cervejeiros que apresentam mais de 20 estilos de cerveja artesanal. A acompanhar, h\u00e1 petiscos, tapas, workshop, jogos, concertos ao vivo e muita anima\u00e7\u00e3o.<br \/>\n<strong>&#8211;<\/strong> A F.A.V.A., que significa Feira de Artesanato, Velharias e Antiguidades, que se realiza no \u00faltimo fim de semana de julho em C\u00f4ja e que \u00e9 uma feira que re\u00fane artes\u00e3os e vendedores de antiguidades de todo o pa\u00eds. A feira \u00e9 uma oportunidade para conhecer e adquirir produtos t\u00edpicos e originais da regi\u00e3o.<\/p>\n<p>Como pode ver, C\u00f4ja \u00e9 uma vila cheia de encantos e motivos de interesse. N\u00e3o perca a oportunidade de a visitar e de se <span style=\"text-decoration: underline; color: #0000ff;\"><a style=\"color: #0000ff; text-decoration: underline;\" href=\"https:\/\/web.ynnovbooking.com\/?sid=Aa3NsaOHg4vu54if5JIWcm681Qzl4CJZKAPZEwwyUEIhMWtKPrSjjXmZA4T5WSmxN&amp;apikey=l8Cct9FmBR8utdwIpm1JCrqICWLaE6pD\" target=\"_blank\" rel=\"noopener\">hospedar na Villa Mont\u00eas Guesthouse<\/a><\/span>, apartamentos acolhedores e confort\u00e1veis, um local privilegiado sobre o rio Alva, Serra do A\u00e7or e a encantadora vila. Fa\u00e7a j\u00e1 a sua reserva e venha descobrir C\u00f4ja!<\/p>","protected":false},"excerpt":{"rendered":"<p>C\u00f4ja \u00e9 uma vila hist\u00f3rica e encantadora no distrito de Coimbra. \u00c9 um destino ideal para quem procura natureza, cultura e gastronomia. Neste artigo, vamos apresentar-lhe 5 raz\u00f5es para visitar C\u00f4ja. 1. O patrim\u00f3nio hist\u00f3rico e cultural de C\u00f4ja C\u00f4ja \u00e9 uma vila com origens muito antigas, que remontam ao tempo do Condado Portucalense. Segundo[&#8230;] <a href=\"https:\/\/villamontes.pt\/en\/5-razoes-para-visitar-coja\/\" class=\"more-link\">Continue reading<\/a><\/p>","protected":false},"author":1,"featured_media":4387,"comment_status":"closed","ping_status":"closed","sticky":false,"template":"","format":"standard","meta":{"footnotes":""},"categories":[55,56,58,69,85,65],"tags":[90,89,72,59,91,73],"class_list":["post-4371","post","type-post","status-publish","format-standard","has-post-thumbnail","hentry","category-historia","category-patrimonio-cultural","category-patrimonio-natural","category-lazer","category-religiao","category-zonas-balneares","tag-arganil","tag-beira-serra","tag-coja","tag-serra","tag-serra-da-estrela","tag-villa-montes"],"yoast_head":"<!-- This site is optimized with the Yoast SEO plugin v26.6 - https:\/\/yoast.com\/wordpress\/plugins\/seo\/ -->\n<title>5 Raz\u00f5es para visitar C\u00f4ja - Villa Mont\u00eas<\/title>\n<meta name=\"robots\" content=\"index, follow, max-snippet:-1, max-image-preview:large, max-video-preview:-1\" \/>\n<link rel=\"canonical\" href=\"https:\/\/villamontes.pt\/en\/5-razoes-para-visitar-coja\/\" \/>\n<meta property=\"og:locale\" content=\"en_GB\" \/>\n<meta property=\"og:type\" content=\"article\" \/>\n<meta property=\"og:title\" content=\"5 Raz\u00f5es para visitar C\u00f4ja - Villa Mont\u00eas\" \/>\n<meta property=\"og:description\" content=\"C\u00f4ja \u00e9 uma vila hist\u00f3rica e encantadora no distrito de Coimbra. \u00c9 um destino ideal para quem procura natureza, cultura e gastronomia. Neste artigo, vamos apresentar-lhe 5 raz\u00f5es para visitar C\u00f4ja. 1. O patrim\u00f3nio hist\u00f3rico e cultural de C\u00f4ja C\u00f4ja \u00e9 uma vila com origens muito antigas, que remontam ao tempo do Condado Portucalense. Segundo[...] Continue reading\" \/>\n<meta property=\"og:url\" content=\"https:\/\/villamontes.pt\/en\/5-razoes-para-visitar-coja\/\" \/>\n<meta property=\"og:site_name\" content=\"Villa Mont\u00eas\" \/>\n<meta property=\"article:publisher\" content=\"https:\/\/www.facebook.com\/villamontescoja\" \/>\n<meta property=\"article:published_time\" content=\"2023-04-20T11:41:07+00:00\" \/>\n<meta property=\"article:modified_time\" content=\"2024-04-03T16:57:36+00:00\" \/>\n<meta property=\"og:image\" content=\"https:\/\/villamontes.pt\/wp-content\/uploads\/2023\/04\/1-coja-45-1920x900-1.jpg\" \/>\n\t<meta property=\"og:image:width\" content=\"1920\" \/>\n\t<meta property=\"og:image:height\" content=\"900\" \/>\n\t<meta property=\"og:image:type\" content=\"image\/jpeg\" \/>\n<meta name=\"author\" content=\"mf601944-ovh\" \/>\n<meta name=\"twitter:card\" content=\"summary_large_image\" \/>\n<meta name=\"twitter:label1\" content=\"Written by\" \/>\n\t<meta name=\"twitter:data1\" content=\"mf601944-ovh\" \/>\n<script type=\"application\/ld+json\" class=\"yoast-schema-graph\">{\"@context\":\"https:\/\/schema.org\",\"@graph\":[{\"@type\":\"Article\",\"@id\":\"https:\/\/villamontes.pt\/5-razoes-para-visitar-coja\/#article\",\"isPartOf\":{\"@id\":\"https:\/\/villamontes.pt\/5-razoes-para-visitar-coja\/\"},\"author\":{\"name\":\"mf601944-ovh\",\"@id\":\"https:\/\/villamontes.pt\/#\/schema\/person\/9de55a08836323b14c32e88da78e57fe\"},\"headline\":\"5 Raz\u00f5es para visitar C\u00f4ja\",\"datePublished\":\"2023-04-20T11:41:07+00:00\",\"dateModified\":\"2024-04-03T16:57:36+00:00\",\"mainEntityOfPage\":{\"@id\":\"https:\/\/villamontes.pt\/5-razoes-para-visitar-coja\/\"},\"wordCount\":835,\"publisher\":{\"@id\":\"https:\/\/villamontes.pt\/#organization\"},\"image\":{\"@id\":\"https:\/\/villamontes.pt\/5-razoes-para-visitar-coja\/#primaryimage\"},\"thumbnailUrl\":\"https:\/\/villamontes.pt\/wp-content\/uploads\/2023\/04\/1-coja-45-1920x900-1.jpg\",\"keywords\":[\"arganil\",\"beira serra\",\"Coja\",\"Serra\",\"serra da estrela\",\"Villa Mont\u00eas\"],\"articleSection\":[\"Hist\u00f3ria\",\"Patrim\u00f3nio Cultural\",\"Patrim\u00f3nio Natural\",\"Recreio e Lazer\",\"Religi\u00e3o\",\"Zonas Balneares\"],\"inLanguage\":\"en-GB\"},{\"@type\":\"WebPage\",\"@id\":\"https:\/\/villamontes.pt\/5-razoes-para-visitar-coja\/\",\"url\":\"https:\/\/villamontes.pt\/5-razoes-para-visitar-coja\/\",\"name\":\"5 Raz\u00f5es para visitar C\u00f4ja - Villa Mont\u00eas\",\"isPartOf\":{\"@id\":\"https:\/\/villamontes.pt\/#website\"},\"primaryImageOfPage\":{\"@id\":\"https:\/\/villamontes.pt\/5-razoes-para-visitar-coja\/#primaryimage\"},\"image\":{\"@id\":\"https:\/\/villamontes.pt\/5-razoes-para-visitar-coja\/#primaryimage\"},\"thumbnailUrl\":\"https:\/\/villamontes.pt\/wp-content\/uploads\/2023\/04\/1-coja-45-1920x900-1.jpg\",\"datePublished\":\"2023-04-20T11:41:07+00:00\",\"dateModified\":\"2024-04-03T16:57:36+00:00\",\"breadcrumb\":{\"@id\":\"https:\/\/villamontes.pt\/5-razoes-para-visitar-coja\/#breadcrumb\"},\"inLanguage\":\"en-GB\",\"potentialAction\":[{\"@type\":\"ReadAction\",\"target\":[\"https:\/\/villamontes.pt\/5-razoes-para-visitar-coja\/\"]}]},{\"@type\":\"ImageObject\",\"inLanguage\":\"en-GB\",\"@id\":\"https:\/\/villamontes.pt\/5-razoes-para-visitar-coja\/#primaryimage\",\"url\":\"https:\/\/villamontes.pt\/wp-content\/uploads\/2023\/04\/1-coja-45-1920x900-1.jpg\",\"contentUrl\":\"https:\/\/villamontes.pt\/wp-content\/uploads\/2023\/04\/1-coja-45-1920x900-1.jpg\",\"width\":1920,\"height\":900},{\"@type\":\"BreadcrumbList\",\"@id\":\"https:\/\/villamontes.pt\/5-razoes-para-visitar-coja\/#breadcrumb\",\"itemListElement\":[{\"@type\":\"ListItem\",\"position\":1,\"name\":\"In\u00edcio\",\"item\":\"https:\/\/villamontes.pt\/\"},{\"@type\":\"ListItem\",\"position\":2,\"name\":\"5 Raz\u00f5es para visitar C\u00f4ja\"}]},{\"@type\":\"WebSite\",\"@id\":\"https:\/\/villamontes.pt\/#website\",\"url\":\"https:\/\/villamontes.pt\/\",\"name\":\"Villa Mont\u00eas\",\"description\":\"Exclusive Apartaments &amp; Prime Location\",\"publisher\":{\"@id\":\"https:\/\/villamontes.pt\/#organization\"},\"potentialAction\":[{\"@type\":\"SearchAction\",\"target\":{\"@type\":\"EntryPoint\",\"urlTemplate\":\"https:\/\/villamontes.pt\/?s={search_term_string}\"},\"query-input\":{\"@type\":\"PropertyValueSpecification\",\"valueRequired\":true,\"valueName\":\"search_term_string\"}}],\"inLanguage\":\"en-GB\"},{\"@type\":\"Organization\",\"@id\":\"https:\/\/villamontes.pt\/#organization\",\"name\":\"Villa Mont\u00eas\",\"url\":\"https:\/\/villamontes.pt\/\",\"logo\":{\"@type\":\"ImageObject\",\"inLanguage\":\"en-GB\",\"@id\":\"https:\/\/villamontes.pt\/#\/schema\/logo\/image\/\",\"url\":\"https:\/\/villamontes.pt\/wp-content\/uploads\/2020\/12\/cabra-preta-transparent-vector.png\",\"contentUrl\":\"https:\/\/villamontes.pt\/wp-content\/uploads\/2020\/12\/cabra-preta-transparent-vector.png\",\"width\":844,\"height\":457,\"caption\":\"Villa Mont\u00eas\"},\"image\":{\"@id\":\"https:\/\/villamontes.pt\/#\/schema\/logo\/image\/\"},\"sameAs\":[\"https:\/\/www.facebook.com\/villamontescoja\",\"https:\/\/www.instagram.com\/villamontescoja\/\"]},{\"@type\":\"Person\",\"@id\":\"https:\/\/villamontes.pt\/#\/schema\/person\/9de55a08836323b14c32e88da78e57fe\",\"name\":\"mf601944-ovh\",\"image\":{\"@type\":\"ImageObject\",\"inLanguage\":\"en-GB\",\"@id\":\"https:\/\/villamontes.pt\/#\/schema\/person\/image\/\",\"url\":\"https:\/\/secure.gravatar.com\/avatar\/32f233a32fbc1b6c7cbeee692914116a26f3c7a61ebf6d15d6652660cadad6b6?s=96&d=mm&r=g\",\"contentUrl\":\"https:\/\/secure.gravatar.com\/avatar\/32f233a32fbc1b6c7cbeee692914116a26f3c7a61ebf6d15d6652660cadad6b6?s=96&d=mm&r=g\",\"caption\":\"mf601944-ovh\"},\"url\":\"https:\/\/villamontes.pt\/en\/author\/mf601944-ovh\/\"}]}<\/script>\n<!-- \/ Yoast SEO plugin. -->","yoast_head_json":{"title":"5 Raz\u00f5es para visitar C\u00f4ja - Villa Mont\u00eas","robots":{"index":"index","follow":"follow","max-snippet":"max-snippet:-1","max-image-preview":"max-image-preview:large","max-video-preview":"max-video-preview:-1"},"canonical":"https:\/\/villamontes.pt\/en\/5-razoes-para-visitar-coja\/","og_locale":"en_GB","og_type":"article","og_title":"5 Raz\u00f5es para visitar C\u00f4ja - Villa Mont\u00eas","og_description":"C\u00f4ja \u00e9 uma vila hist\u00f3rica e encantadora no distrito de Coimbra. \u00c9 um destino ideal para quem procura natureza, cultura e gastronomia. Neste artigo, vamos apresentar-lhe 5 raz\u00f5es para visitar C\u00f4ja. 1. O patrim\u00f3nio hist\u00f3rico e cultural de C\u00f4ja C\u00f4ja \u00e9 uma vila com origens muito antigas, que remontam ao tempo do Condado Portucalense. Segundo[...] Continue reading","og_url":"https:\/\/villamontes.pt\/en\/5-razoes-para-visitar-coja\/","og_site_name":"Villa Mont\u00eas","article_publisher":"https:\/\/www.facebook.com\/villamontescoja","article_published_time":"2023-04-20T11:41:07+00:00","article_modified_time":"2024-04-03T16:57:36+00:00","og_image":[{"width":1920,"height":900,"url":"https:\/\/villamontes.pt\/wp-content\/uploads\/2023\/04\/1-coja-45-1920x900-1.jpg","type":"image\/jpeg"}],"author":"mf601944-ovh","twitter_card":"summary_large_image","twitter_misc":{"Written by":"mf601944-ovh"},"schema":{"@context":"https:\/\/schema.org","@graph":[{"@type":"Article","@id":"https:\/\/villamontes.pt\/5-razoes-para-visitar-coja\/#article","isPartOf":{"@id":"https:\/\/villamontes.pt\/5-razoes-para-visitar-coja\/"},"author":{"name":"mf601944-ovh","@id":"https:\/\/villamontes.pt\/#\/schema\/person\/9de55a08836323b14c32e88da78e57fe"},"headline":"5 Raz\u00f5es para visitar C\u00f4ja","datePublished":"2023-04-20T11:41:07+00:00","dateModified":"2024-04-03T16:57:36+00:00","mainEntityOfPage":{"@id":"https:\/\/villamontes.pt\/5-razoes-para-visitar-coja\/"},"wordCount":835,"publisher":{"@id":"https:\/\/villamontes.pt\/#organization"},"image":{"@id":"https:\/\/villamontes.pt\/5-razoes-para-visitar-coja\/#primaryimage"},"thumbnailUrl":"https:\/\/villamontes.pt\/wp-content\/uploads\/2023\/04\/1-coja-45-1920x900-1.jpg","keywords":["arganil","beira serra","Coja","Serra","serra da estrela","Villa Mont\u00eas"],"articleSection":["Hist\u00f3ria","Patrim\u00f3nio Cultural","Patrim\u00f3nio Natural","Recreio e Lazer","Religi\u00e3o","Zonas Balneares"],"inLanguage":"en-GB"},{"@type":"WebPage","@id":"https:\/\/villamontes.pt\/5-razoes-para-visitar-coja\/","url":"https:\/\/villamontes.pt\/5-razoes-para-visitar-coja\/","name":"5 Raz\u00f5es para visitar C\u00f4ja - Villa Mont\u00eas","isPartOf":{"@id":"https:\/\/villamontes.pt\/#website"},"primaryImageOfPage":{"@id":"https:\/\/villamontes.pt\/5-razoes-para-visitar-coja\/#primaryimage"},"image":{"@id":"https:\/\/villamontes.pt\/5-razoes-para-visitar-coja\/#primaryimage"},"thumbnailUrl":"https:\/\/villamontes.pt\/wp-content\/uploads\/2023\/04\/1-coja-45-1920x900-1.jpg","datePublished":"2023-04-20T11:41:07+00:00","dateModified":"2024-04-03T16:57:36+00:00","breadcrumb":{"@id":"https:\/\/villamontes.pt\/5-razoes-para-visitar-coja\/#breadcrumb"},"inLanguage":"en-GB","potentialAction":[{"@type":"ReadAction","target":["https:\/\/villamontes.pt\/5-razoes-para-visitar-coja\/"]}]},{"@type":"ImageObject","inLanguage":"en-GB","@id":"https:\/\/villamontes.pt\/5-razoes-para-visitar-coja\/#primaryimage","url":"https:\/\/villamontes.pt\/wp-content\/uploads\/2023\/04\/1-coja-45-1920x900-1.jpg","contentUrl":"https:\/\/villamontes.pt\/wp-content\/uploads\/2023\/04\/1-coja-45-1920x900-1.jpg","width":1920,"height":900},{"@type":"BreadcrumbList","@id":"https:\/\/villamontes.pt\/5-razoes-para-visitar-coja\/#breadcrumb","itemListElement":[{"@type":"ListItem","position":1,"name":"In\u00edcio","item":"https:\/\/villamontes.pt\/"},{"@type":"ListItem","position":2,"name":"5 Raz\u00f5es para visitar C\u00f4ja"}]},{"@type":"WebSite","@id":"https:\/\/villamontes.pt\/#website","url":"https:\/\/villamontes.pt\/","name":"Villa Mont\u00eas","description":"Exclusive Apartaments &amp; Prime Location","publisher":{"@id":"https:\/\/villamontes.pt\/#organization"},"potentialAction":[{"@type":"SearchAction","target":{"@type":"EntryPoint","urlTemplate":"https:\/\/villamontes.pt\/?s={search_term_string}"},"query-input":{"@type":"PropertyValueSpecification","valueRequired":true,"valueName":"search_term_string"}}],"inLanguage":"en-GB"},{"@type":"Organization","@id":"https:\/\/villamontes.pt\/#organization","name":"Villa Mont\u00eas","url":"https:\/\/villamontes.pt\/","logo":{"@type":"ImageObject","inLanguage":"en-GB","@id":"https:\/\/villamontes.pt\/#\/schema\/logo\/image\/","url":"https:\/\/villamontes.pt\/wp-content\/uploads\/2020\/12\/cabra-preta-transparent-vector.png","contentUrl":"https:\/\/villamontes.pt\/wp-content\/uploads\/2020\/12\/cabra-preta-transparent-vector.png","width":844,"height":457,"caption":"Villa Mont\u00eas"},"image":{"@id":"https:\/\/villamontes.pt\/#\/schema\/logo\/image\/"},"sameAs":["https:\/\/www.facebook.com\/villamontescoja","https:\/\/www.instagram.com\/villamontescoja\/"]},{"@type":"Person","@id":"https:\/\/villamontes.pt\/#\/schema\/person\/9de55a08836323b14c32e88da78e57fe","name":"mf601944-ovh","image":{"@type":"ImageObject","inLanguage":"en-GB","@id":"https:\/\/villamontes.pt\/#\/schema\/person\/image\/","url":"https:\/\/secure.gravatar.com\/avatar\/32f233a32fbc1b6c7cbeee692914116a26f3c7a61ebf6d15d6652660cadad6b6?s=96&d=mm&r=g","contentUrl":"https:\/\/secure.gravatar.com\/avatar\/32f233a32fbc1b6c7cbeee692914116a26f3c7a61ebf6d15d6652660cadad6b6?s=96&d=mm&r=g","caption":"mf601944-ovh"},"url":"https:\/\/villamontes.pt\/en\/author\/mf601944-ovh\/"}]}},"_links":{"self":[{"href":"https:\/\/villamontes.pt\/en\/wp-json\/wp\/v2\/posts\/4371","targetHints":{"allow":["GET"]}}],"collection":[{"href":"https:\/\/villamontes.pt\/en\/wp-json\/wp\/v2\/posts"}],"about":[{"href":"https:\/\/villamontes.pt\/en\/wp-json\/wp\/v2\/types\/post"}],"author":[{"embeddable":true,"href":"https:\/\/villamontes.pt\/en\/wp-json\/wp\/v2\/users\/1"}],"replies":[{"embeddable":true,"href":"https:\/\/villamontes.pt\/en\/wp-json\/wp\/v2\/comments?post=4371"}],"version-history":[{"count":13,"href":"https:\/\/villamontes.pt\/en\/wp-json\/wp\/v2\/posts\/4371\/revisions"}],"predecessor-version":[{"id":4391,"href":"https:\/\/villamontes.pt\/en\/wp-json\/wp\/v2\/posts\/4371\/revisions\/4391"}],"wp:featuredmedia":[{"embeddable":true,"href":"https:\/\/villamontes.pt\/en\/wp-json\/wp\/v2\/media\/4387"}],"wp:attachment":[{"href":"https:\/\/villamontes.pt\/en\/wp-json\/wp\/v2\/media?parent=4371"}],"wp:term":[{"taxonomy":"category","embeddable":true,"href":"https:\/\/villamontes.pt\/en\/wp-json\/wp\/v2\/categories?post=4371"},{"taxonomy":"post_tag","embeddable":true,"href":"https:\/\/villamontes.pt\/en\/wp-json\/wp\/v2\/tags?post=4371"}],"curies":[{"name":"wp","href":"https:\/\/api.w.org\/{rel}","templated":true}]}}