{"id":4418,"date":"2023-12-07T12:43:43","date_gmt":"2023-12-07T12:43:43","guid":{"rendered":"https:\/\/villamontes.pt\/?p=4418"},"modified":"2024-04-03T16:57:03","modified_gmt":"2024-04-03T16:57:03","slug":"inverno-villamontes","status":"publish","type":"post","link":"https:\/\/villamontes.pt\/en\/inverno-villamontes\/","title":{"rendered":"O Inverno na Villa Mont\u00eas Guesthouse: 6 Raz\u00f5es para uma Estadia Memor\u00e1vel"},"content":{"rendered":"<p>O inverno chegou, e a Villa Mont\u00eas Guesthouse convida-o a mergulhar numa experi\u00eancia \u00fanica nesta temporada encantadora. De apartamentos aconchegantes a uma proximidade deslumbrante com a natureza e a pitoresca aldeia natal do <a href=\"https:\/\/villamontes.pt\/a-freguesia-do-piodao\/\" target=\"_blank\" rel=\"noreferrer noopener\"><mark style=\"background-color:rgba(0, 0, 0, 0)\" class=\"has-inline-color has-vivid-cyan-blue-color\"><span style=\"text-decoration: underline;\">Pi\u00f3d\u00e3o<\/span><\/mark><\/a>, cada detalhe foi cuidadosamente pensado para garantir que a sua estadia seja verdadeiramente memor\u00e1vel. Aqui est\u00e3o seis raz\u00f5es irresist\u00edveis para escolher a Villa Mont\u00eas neste inverno.<\/p>\n\n\n\n<p><strong>Raz\u00e3o 1: Apartamentos, N\u00e3o Quartos:<\/strong> Na Villa Mont\u00eas, a sua experi\u00eancia vai al\u00e9m de um simples quarto. Oferecemos espa\u00e7osos apartamentos que proporcionam o conforto de um lar longe de casa. Desfrute da privacidade e flexibilidade de um ambiente exclusivo, onde pode relaxar, cozinhar e criar mem\u00f3rias aconchegantes.<\/p>\n\n\n\n<figure class=\"wp-block-image size-large is-resized\"><img loading=\"lazy\" decoding=\"async\" width=\"1024\" height=\"683\" src=\"https:\/\/villamontes.pt\/wp-content\/uploads\/2023\/12\/Villa-Montes-41-1024x683.jpg\" alt=\"\" class=\"wp-image-4419\" style=\"width:840px;height:auto\"\/><figcaption class=\"wp-element-caption\">Apartamento Artistique<\/figcaption><\/figure>\n\n\n\n<p><strong>Raz\u00e3o 2: Estacionamento Conveniente:<\/strong> Chegar \u00e0 Villa Mont\u00eas \u00e9 sempre conveniente, especialmente nos dias frios. Oferecemos estacionamento privativo \u00e0 porta do seu apartamento, proporcionando comodidade desde o momento em que chega. Deixe as preocupa\u00e7\u00f5es com o estacionamento para tr\u00e1s e concentre-se em desfrutar da sua estadia.<\/p>\n\n\n\n<p><strong>Raz\u00e3o 3: Aquecimento R\u00e1pido e Aconchegante:<\/strong> Enquanto o inverno faz a sua presen\u00e7a l\u00e1 fora, dentro dos nossos apartamentos, um calor r\u00e1pido e aconchegante espera por si. Os sistemas de ar condicionado eficientes garantem que o frio fique do lado de fora, permitindo-lhe desfrutar de um ambiente caloroso e confort\u00e1vel durante toda a sua estadia.<\/p>\n\n\n\n<p><strong>Raz\u00e3o 4: Proximidade das Serras e Natureza Envolvente:<\/strong> A localiza\u00e7\u00e3o estrat\u00e9gica da Villa Mont\u00eas oferece f\u00e1cil acesso \u00e0s serras circundantes e \u00e0 beleza natural que o inverno traz consigo. Explore trilhas, cascatas e ribeiras, descobrindo uma paisagem \u00fanica que ganha vida durante os meses mais frios.<\/p>\n\n\n\n<figure class=\"wp-block-image size-full\"><img loading=\"lazy\" decoding=\"async\" width=\"1024\" height=\"683\" src=\"https:\/\/villamontes.pt\/wp-content\/uploads\/2023\/01\/16320812332_8685e7ca09_b.jpg\" alt=\"\" class=\"wp-image-4278\"\/><figcaption class=\"wp-element-caption\">Po\u00e7o da Broca<\/figcaption><\/figure>\n\n\n\n<p><strong>Raz\u00e3o 4: Privacidade e Tranquilidade:<\/strong> Escolher um apartamento na Villa Mont\u00eas significa escolher tranquilidade e privacidade. Desfrute de um retiro \u00edntimo, longe das agita\u00e7\u00f5es do quotidiano. Cada apartamento \u00e9 uma o\u00e1sis de serenidade, proporcionando um ambiente ideal para relaxar e recarregar energias.<\/p>\n\n\n\n<p><strong>Raz\u00e3o 5: Pi\u00f3d\u00e3o, Aldeia Natal:<\/strong> Aventure-se al\u00e9m da Villa Mont\u00eas e descubra a magia do Pi\u00f3d\u00e3o, uma aldeia natal de encantar. A proximidade com esta joia escondida permite-lhe explorar ruas de xisto, casas tradicionais e absorver a atmosfera \u00fanica que esta aldeia preservada oferece, especialmente durante o inverno.<\/p>\n\n\n\n<p><strong>Raz\u00e3o 6: Natureza no seu Melhor:<\/strong> N\u00e3o poder\u00edamos esquecer a beleza natural que envolve a Villa Mont\u00eas. As cascatas e ribeiras atingem o seu auge de esplendor no inverno, criando cen\u00e1rios deslumbrantes para os amantes da natureza.<\/p>\n\n\n\n<p>Ao escolher a Villa Mont\u00eas Guesthouse, n\u00e3o est\u00e1 apenas a reservar uma estadia; est\u00e1 a embarcar numa jornada invernal repleta de conforto, beleza e experi\u00eancias aut\u00eanticas. Estamos ansiosos para receb\u00ea-lo neste ref\u00fagio acolhedor que tornar\u00e1 o seu inverno verdadeiramente inesquec\u00edvel.<\/p>","protected":false},"excerpt":{"rendered":"<p>O inverno chegou, e a Villa Mont\u00eas Guesthouse convida-o a mergulhar numa experi\u00eancia \u00fanica nesta temporada encantadora. De apartamentos aconchegantes a uma proximidade deslumbrante com a natureza e a pitoresca aldeia natal do Pi\u00f3d\u00e3o, cada detalhe foi cuidadosamente pensado para garantir que a sua estadia seja verdadeiramente memor\u00e1vel. Aqui est\u00e3o seis raz\u00f5es irresist\u00edveis para escolher a Villa Mont\u00eas neste inverno.<\/p>","protected":false},"author":1,"featured_media":4424,"comment_status":"closed","ping_status":"closed","sticky":false,"template":"","format":"standard","meta":{"footnotes":""},"categories":[56,58,69],"tags":[90,72,81,57,59,64,60],"class_list":["post-4418","post","type-post","status-publish","format-standard","has-post-thumbnail","hentry","category-patrimonio-cultural","category-patrimonio-natural","category-lazer","tag-arganil","tag-coja","tag-piodao","tag-rio-alva","tag-serra","tag-serra-do-acor","tag-xisto"],"yoast_head":"<!-- This site is optimized with the Yoast SEO plugin v26.6 - https:\/\/yoast.com\/wordpress\/plugins\/seo\/ -->\n<title>O Inverno na Villa Mont\u00eas Guesthouse: 6 Raz\u00f5es para uma Estadia Memor\u00e1vel<\/title>\n<meta name=\"description\" content=\"O inverno chegou, e a Villa Mont\u00eas Guesthouse convida-o a mergulhar numa experi\u00eancia \u00fanica nesta temporada encantadora. De apartamentos aconchegantes a uma proximidade deslumbrante com a natureza e a pitoresca aldeia natal do Pi\u00f3d\u00e3o, cada detalhe foi cuidadosamente pensado para garantir que a sua estadia seja verdadeiramente memor\u00e1vel. Aqui est\u00e3o seis raz\u00f5es irresist\u00edveis para escolher a Villa Mont\u00eas neste inverno.\" \/>\n<meta name=\"robots\" content=\"index, follow, max-snippet:-1, max-image-preview:large, max-video-preview:-1\" \/>\n<link rel=\"canonical\" href=\"https:\/\/villamontes.pt\/en\/inverno-villamontes\/\" \/>\n<meta property=\"og:locale\" content=\"en_GB\" \/>\n<meta property=\"og:type\" content=\"article\" \/>\n<meta property=\"og:title\" content=\"O Inverno na Villa Mont\u00eas Guesthouse: 6 Raz\u00f5es para uma Estadia Memor\u00e1vel\" \/>\n<meta property=\"og:description\" content=\"O inverno chegou, e a Villa Mont\u00eas Guesthouse convida-o a mergulhar numa experi\u00eancia \u00fanica nesta temporada encantadora. De apartamentos aconchegantes a uma proximidade deslumbrante com a natureza e a pitoresca aldeia natal do Pi\u00f3d\u00e3o, cada detalhe foi cuidadosamente pensado para garantir que a sua estadia seja verdadeiramente memor\u00e1vel. Aqui est\u00e3o seis raz\u00f5es irresist\u00edveis para escolher a Villa Mont\u00eas neste inverno.\" \/>\n<meta property=\"og:url\" content=\"https:\/\/villamontes.pt\/en\/inverno-villamontes\/\" \/>\n<meta property=\"og:site_name\" content=\"Villa Mont\u00eas\" \/>\n<meta property=\"article:publisher\" content=\"https:\/\/www.facebook.com\/villamontescoja\" \/>\n<meta property=\"article:published_time\" content=\"2023-12-07T12:43:43+00:00\" \/>\n<meta property=\"article:modified_time\" content=\"2024-04-03T16:57:03+00:00\" \/>\n<meta property=\"og:image\" content=\"https:\/\/villamontes.pt\/wp-content\/uploads\/2023\/12\/PKT_9970_1506002738.jpg\" \/>\n\t<meta property=\"og:image:width\" content=\"943\" \/>\n\t<meta property=\"og:image:height\" content=\"570\" \/>\n\t<meta property=\"og:image:type\" content=\"image\/jpeg\" \/>\n<meta name=\"author\" content=\"mf601944-ovh\" \/>\n<meta name=\"twitter:card\" content=\"summary_large_image\" \/>\n<meta name=\"twitter:label1\" content=\"Written by\" \/>\n\t<meta name=\"twitter:data1\" content=\"mf601944-ovh\" \/>\n\t<meta name=\"twitter:label2\" content=\"Estimated reading time\" \/>\n\t<meta name=\"twitter:data2\" content=\"3 minutes\" \/>\n<script type=\"application\/ld+json\" class=\"yoast-schema-graph\">{\"@context\":\"https:\/\/schema.org\",\"@graph\":[{\"@type\":\"Article\",\"@id\":\"https:\/\/villamontes.pt\/inverno-villamontes\/#article\",\"isPartOf\":{\"@id\":\"https:\/\/villamontes.pt\/inverno-villamontes\/\"},\"author\":{\"name\":\"mf601944-ovh\",\"@id\":\"https:\/\/villamontes.pt\/#\/schema\/person\/9de55a08836323b14c32e88da78e57fe\"},\"headline\":\"O Inverno na Villa Mont\u00eas Guesthouse: 6 Raz\u00f5es para uma Estadia Memor\u00e1vel\",\"datePublished\":\"2023-12-07T12:43:43+00:00\",\"dateModified\":\"2024-04-03T16:57:03+00:00\",\"mainEntityOfPage\":{\"@id\":\"https:\/\/villamontes.pt\/inverno-villamontes\/\"},\"wordCount\":482,\"publisher\":{\"@id\":\"https:\/\/villamontes.pt\/#organization\"},\"image\":{\"@id\":\"https:\/\/villamontes.pt\/inverno-villamontes\/#primaryimage\"},\"thumbnailUrl\":\"https:\/\/villamontes.pt\/wp-content\/uploads\/2023\/12\/PKT_9970_1506002738.jpg\",\"keywords\":[\"arganil\",\"Coja\",\"Pi\u00f3d\u00e3o\",\"Rio Alva\",\"Serra\",\"Serra do A\u00e7or\",\"Xisto\"],\"articleSection\":[\"Patrim\u00f3nio Cultural\",\"Patrim\u00f3nio Natural\",\"Recreio e Lazer\"],\"inLanguage\":\"en-GB\"},{\"@type\":\"WebPage\",\"@id\":\"https:\/\/villamontes.pt\/inverno-villamontes\/\",\"url\":\"https:\/\/villamontes.pt\/inverno-villamontes\/\",\"name\":\"O Inverno na Villa Mont\u00eas Guesthouse: 6 Raz\u00f5es para uma Estadia Memor\u00e1vel\",\"isPartOf\":{\"@id\":\"https:\/\/villamontes.pt\/#website\"},\"primaryImageOfPage\":{\"@id\":\"https:\/\/villamontes.pt\/inverno-villamontes\/#primaryimage\"},\"image\":{\"@id\":\"https:\/\/villamontes.pt\/inverno-villamontes\/#primaryimage\"},\"thumbnailUrl\":\"https:\/\/villamontes.pt\/wp-content\/uploads\/2023\/12\/PKT_9970_1506002738.jpg\",\"datePublished\":\"2023-12-07T12:43:43+00:00\",\"dateModified\":\"2024-04-03T16:57:03+00:00\",\"description\":\"O inverno chegou, e a Villa Mont\u00eas Guesthouse convida-o a mergulhar numa experi\u00eancia \u00fanica nesta temporada encantadora. De apartamentos aconchegantes a uma proximidade deslumbrante com a natureza e a pitoresca aldeia natal do Pi\u00f3d\u00e3o, cada detalhe foi cuidadosamente pensado para garantir que a sua estadia seja verdadeiramente memor\u00e1vel. Aqui est\u00e3o seis raz\u00f5es irresist\u00edveis para escolher a Villa Mont\u00eas neste inverno.\",\"breadcrumb\":{\"@id\":\"https:\/\/villamontes.pt\/inverno-villamontes\/#breadcrumb\"},\"inLanguage\":\"en-GB\",\"potentialAction\":[{\"@type\":\"ReadAction\",\"target\":[\"https:\/\/villamontes.pt\/inverno-villamontes\/\"]}]},{\"@type\":\"ImageObject\",\"inLanguage\":\"en-GB\",\"@id\":\"https:\/\/villamontes.pt\/inverno-villamontes\/#primaryimage\",\"url\":\"https:\/\/villamontes.pt\/wp-content\/uploads\/2023\/12\/PKT_9970_1506002738.jpg\",\"contentUrl\":\"https:\/\/villamontes.pt\/wp-content\/uploads\/2023\/12\/PKT_9970_1506002738.jpg\",\"width\":943,\"height\":570},{\"@type\":\"BreadcrumbList\",\"@id\":\"https:\/\/villamontes.pt\/inverno-villamontes\/#breadcrumb\",\"itemListElement\":[{\"@type\":\"ListItem\",\"position\":1,\"name\":\"In\u00edcio\",\"item\":\"https:\/\/villamontes.pt\/\"},{\"@type\":\"ListItem\",\"position\":2,\"name\":\"O Inverno na Villa Mont\u00eas Guesthouse: 6 Raz\u00f5es para uma Estadia Memor\u00e1vel\"}]},{\"@type\":\"WebSite\",\"@id\":\"https:\/\/villamontes.pt\/#website\",\"url\":\"https:\/\/villamontes.pt\/\",\"name\":\"Villa Mont\u00eas\",\"description\":\"Exclusive Apartaments &amp; Prime Location\",\"publisher\":{\"@id\":\"https:\/\/villamontes.pt\/#organization\"},\"potentialAction\":[{\"@type\":\"SearchAction\",\"target\":{\"@type\":\"EntryPoint\",\"urlTemplate\":\"https:\/\/villamontes.pt\/?s={search_term_string}\"},\"query-input\":{\"@type\":\"PropertyValueSpecification\",\"valueRequired\":true,\"valueName\":\"search_term_string\"}}],\"inLanguage\":\"en-GB\"},{\"@type\":\"Organization\",\"@id\":\"https:\/\/villamontes.pt\/#organization\",\"name\":\"Villa Mont\u00eas\",\"url\":\"https:\/\/villamontes.pt\/\",\"logo\":{\"@type\":\"ImageObject\",\"inLanguage\":\"en-GB\",\"@id\":\"https:\/\/villamontes.pt\/#\/schema\/logo\/image\/\",\"url\":\"https:\/\/villamontes.pt\/wp-content\/uploads\/2020\/12\/cabra-preta-transparent-vector.png\",\"contentUrl\":\"https:\/\/villamontes.pt\/wp-content\/uploads\/2020\/12\/cabra-preta-transparent-vector.png\",\"width\":844,\"height\":457,\"caption\":\"Villa Mont\u00eas\"},\"image\":{\"@id\":\"https:\/\/villamontes.pt\/#\/schema\/logo\/image\/\"},\"sameAs\":[\"https:\/\/www.facebook.com\/villamontescoja\",\"https:\/\/www.instagram.com\/villamontescoja\/\"]},{\"@type\":\"Person\",\"@id\":\"https:\/\/villamontes.pt\/#\/schema\/person\/9de55a08836323b14c32e88da78e57fe\",\"name\":\"mf601944-ovh\",\"image\":{\"@type\":\"ImageObject\",\"inLanguage\":\"en-GB\",\"@id\":\"https:\/\/villamontes.pt\/#\/schema\/person\/image\/\",\"url\":\"https:\/\/secure.gravatar.com\/avatar\/32f233a32fbc1b6c7cbeee692914116a26f3c7a61ebf6d15d6652660cadad6b6?s=96&d=mm&r=g\",\"contentUrl\":\"https:\/\/secure.gravatar.com\/avatar\/32f233a32fbc1b6c7cbeee692914116a26f3c7a61ebf6d15d6652660cadad6b6?s=96&d=mm&r=g\",\"caption\":\"mf601944-ovh\"},\"url\":\"https:\/\/villamontes.pt\/en\/author\/mf601944-ovh\/\"}]}<\/script>\n<!-- \/ Yoast SEO plugin. -->","yoast_head_json":{"title":"O Inverno na Villa Mont\u00eas Guesthouse: 6 Raz\u00f5es para uma Estadia Memor\u00e1vel","description":"O inverno chegou, e a Villa Mont\u00eas Guesthouse convida-o a mergulhar numa experi\u00eancia \u00fanica nesta temporada encantadora. De apartamentos aconchegantes a uma proximidade deslumbrante com a natureza e a pitoresca aldeia natal do Pi\u00f3d\u00e3o, cada detalhe foi cuidadosamente pensado para garantir que a sua estadia seja verdadeiramente memor\u00e1vel. Aqui est\u00e3o seis raz\u00f5es irresist\u00edveis para escolher a Villa Mont\u00eas neste inverno.","robots":{"index":"index","follow":"follow","max-snippet":"max-snippet:-1","max-image-preview":"max-image-preview:large","max-video-preview":"max-video-preview:-1"},"canonical":"https:\/\/villamontes.pt\/en\/inverno-villamontes\/","og_locale":"en_GB","og_type":"article","og_title":"O Inverno na Villa Mont\u00eas Guesthouse: 6 Raz\u00f5es para uma Estadia Memor\u00e1vel","og_description":"O inverno chegou, e a Villa Mont\u00eas Guesthouse convida-o a mergulhar numa experi\u00eancia \u00fanica nesta temporada encantadora. De apartamentos aconchegantes a uma proximidade deslumbrante com a natureza e a pitoresca aldeia natal do Pi\u00f3d\u00e3o, cada detalhe foi cuidadosamente pensado para garantir que a sua estadia seja verdadeiramente memor\u00e1vel. Aqui est\u00e3o seis raz\u00f5es irresist\u00edveis para escolher a Villa Mont\u00eas neste inverno.","og_url":"https:\/\/villamontes.pt\/en\/inverno-villamontes\/","og_site_name":"Villa Mont\u00eas","article_publisher":"https:\/\/www.facebook.com\/villamontescoja","article_published_time":"2023-12-07T12:43:43+00:00","article_modified_time":"2024-04-03T16:57:03+00:00","og_image":[{"width":943,"height":570,"url":"https:\/\/villamontes.pt\/wp-content\/uploads\/2023\/12\/PKT_9970_1506002738.jpg","type":"image\/jpeg"}],"author":"mf601944-ovh","twitter_card":"summary_large_image","twitter_misc":{"Written by":"mf601944-ovh","Estimated reading time":"3 minutes"},"schema":{"@context":"https:\/\/schema.org","@graph":[{"@type":"Article","@id":"https:\/\/villamontes.pt\/inverno-villamontes\/#article","isPartOf":{"@id":"https:\/\/villamontes.pt\/inverno-villamontes\/"},"author":{"name":"mf601944-ovh","@id":"https:\/\/villamontes.pt\/#\/schema\/person\/9de55a08836323b14c32e88da78e57fe"},"headline":"O Inverno na Villa Mont\u00eas Guesthouse: 6 Raz\u00f5es para uma Estadia Memor\u00e1vel","datePublished":"2023-12-07T12:43:43+00:00","dateModified":"2024-04-03T16:57:03+00:00","mainEntityOfPage":{"@id":"https:\/\/villamontes.pt\/inverno-villamontes\/"},"wordCount":482,"publisher":{"@id":"https:\/\/villamontes.pt\/#organization"},"image":{"@id":"https:\/\/villamontes.pt\/inverno-villamontes\/#primaryimage"},"thumbnailUrl":"https:\/\/villamontes.pt\/wp-content\/uploads\/2023\/12\/PKT_9970_1506002738.jpg","keywords":["arganil","Coja","Pi\u00f3d\u00e3o","Rio Alva","Serra","Serra do A\u00e7or","Xisto"],"articleSection":["Patrim\u00f3nio Cultural","Patrim\u00f3nio Natural","Recreio e Lazer"],"inLanguage":"en-GB"},{"@type":"WebPage","@id":"https:\/\/villamontes.pt\/inverno-villamontes\/","url":"https:\/\/villamontes.pt\/inverno-villamontes\/","name":"O Inverno na Villa Mont\u00eas Guesthouse: 6 Raz\u00f5es para uma Estadia Memor\u00e1vel","isPartOf":{"@id":"https:\/\/villamontes.pt\/#website"},"primaryImageOfPage":{"@id":"https:\/\/villamontes.pt\/inverno-villamontes\/#primaryimage"},"image":{"@id":"https:\/\/villamontes.pt\/inverno-villamontes\/#primaryimage"},"thumbnailUrl":"https:\/\/villamontes.pt\/wp-content\/uploads\/2023\/12\/PKT_9970_1506002738.jpg","datePublished":"2023-12-07T12:43:43+00:00","dateModified":"2024-04-03T16:57:03+00:00","description":"O inverno chegou, e a Villa Mont\u00eas Guesthouse convida-o a mergulhar numa experi\u00eancia \u00fanica nesta temporada encantadora. De apartamentos aconchegantes a uma proximidade deslumbrante com a natureza e a pitoresca aldeia natal do Pi\u00f3d\u00e3o, cada detalhe foi cuidadosamente pensado para garantir que a sua estadia seja verdadeiramente memor\u00e1vel. Aqui est\u00e3o seis raz\u00f5es irresist\u00edveis para escolher a Villa Mont\u00eas neste inverno.","breadcrumb":{"@id":"https:\/\/villamontes.pt\/inverno-villamontes\/#breadcrumb"},"inLanguage":"en-GB","potentialAction":[{"@type":"ReadAction","target":["https:\/\/villamontes.pt\/inverno-villamontes\/"]}]},{"@type":"ImageObject","inLanguage":"en-GB","@id":"https:\/\/villamontes.pt\/inverno-villamontes\/#primaryimage","url":"https:\/\/villamontes.pt\/wp-content\/uploads\/2023\/12\/PKT_9970_1506002738.jpg","contentUrl":"https:\/\/villamontes.pt\/wp-content\/uploads\/2023\/12\/PKT_9970_1506002738.jpg","width":943,"height":570},{"@type":"BreadcrumbList","@id":"https:\/\/villamontes.pt\/inverno-villamontes\/#breadcrumb","itemListElement":[{"@type":"ListItem","position":1,"name":"In\u00edcio","item":"https:\/\/villamontes.pt\/"},{"@type":"ListItem","position":2,"name":"O Inverno na Villa Mont\u00eas Guesthouse: 6 Raz\u00f5es para uma Estadia Memor\u00e1vel"}]},{"@type":"WebSite","@id":"https:\/\/villamontes.pt\/#website","url":"https:\/\/villamontes.pt\/","name":"Villa Mont\u00eas","description":"Exclusive Apartaments &amp; Prime Location","publisher":{"@id":"https:\/\/villamontes.pt\/#organization"},"potentialAction":[{"@type":"SearchAction","target":{"@type":"EntryPoint","urlTemplate":"https:\/\/villamontes.pt\/?s={search_term_string}"},"query-input":{"@type":"PropertyValueSpecification","valueRequired":true,"valueName":"search_term_string"}}],"inLanguage":"en-GB"},{"@type":"Organization","@id":"https:\/\/villamontes.pt\/#organization","name":"Villa Mont\u00eas","url":"https:\/\/villamontes.pt\/","logo":{"@type":"ImageObject","inLanguage":"en-GB","@id":"https:\/\/villamontes.pt\/#\/schema\/logo\/image\/","url":"https:\/\/villamontes.pt\/wp-content\/uploads\/2020\/12\/cabra-preta-transparent-vector.png","contentUrl":"https:\/\/villamontes.pt\/wp-content\/uploads\/2020\/12\/cabra-preta-transparent-vector.png","width":844,"height":457,"caption":"Villa Mont\u00eas"},"image":{"@id":"https:\/\/villamontes.pt\/#\/schema\/logo\/image\/"},"sameAs":["https:\/\/www.facebook.com\/villamontescoja","https:\/\/www.instagram.com\/villamontescoja\/"]},{"@type":"Person","@id":"https:\/\/villamontes.pt\/#\/schema\/person\/9de55a08836323b14c32e88da78e57fe","name":"mf601944-ovh","image":{"@type":"ImageObject","inLanguage":"en-GB","@id":"https:\/\/villamontes.pt\/#\/schema\/person\/image\/","url":"https:\/\/secure.gravatar.com\/avatar\/32f233a32fbc1b6c7cbeee692914116a26f3c7a61ebf6d15d6652660cadad6b6?s=96&d=mm&r=g","contentUrl":"https:\/\/secure.gravatar.com\/avatar\/32f233a32fbc1b6c7cbeee692914116a26f3c7a61ebf6d15d6652660cadad6b6?s=96&d=mm&r=g","caption":"mf601944-ovh"},"url":"https:\/\/villamontes.pt\/en\/author\/mf601944-ovh\/"}]}},"_links":{"self":[{"href":"https:\/\/villamontes.pt\/en\/wp-json\/wp\/v2\/posts\/4418","targetHints":{"allow":["GET"]}}],"collection":[{"href":"https:\/\/villamontes.pt\/en\/wp-json\/wp\/v2\/posts"}],"about":[{"href":"https:\/\/villamontes.pt\/en\/wp-json\/wp\/v2\/types\/post"}],"author":[{"embeddable":true,"href":"https:\/\/villamontes.pt\/en\/wp-json\/wp\/v2\/users\/1"}],"replies":[{"embeddable":true,"href":"https:\/\/villamontes.pt\/en\/wp-json\/wp\/v2\/comments?post=4418"}],"version-history":[{"count":7,"href":"https:\/\/villamontes.pt\/en\/wp-json\/wp\/v2\/posts\/4418\/revisions"}],"predecessor-version":[{"id":4429,"href":"https:\/\/villamontes.pt\/en\/wp-json\/wp\/v2\/posts\/4418\/revisions\/4429"}],"wp:featuredmedia":[{"embeddable":true,"href":"https:\/\/villamontes.pt\/en\/wp-json\/wp\/v2\/media\/4424"}],"wp:attachment":[{"href":"https:\/\/villamontes.pt\/en\/wp-json\/wp\/v2\/media?parent=4418"}],"wp:term":[{"taxonomy":"category","embeddable":true,"href":"https:\/\/villamontes.pt\/en\/wp-json\/wp\/v2\/categories?post=4418"},{"taxonomy":"post_tag","embeddable":true,"href":"https:\/\/villamontes.pt\/en\/wp-json\/wp\/v2\/tags?post=4418"}],"curies":[{"name":"wp","href":"https:\/\/api.w.org\/{rel}","templated":true}]}}